{"id":3496,"global_id":"burkhard-puetz.de?id=3496","global_id_lineage":["burkhard-puetz.de?id=3496"],"author":"1","status":"publish","date":"2026-04-01 15:04:43","date_utc":"2026-04-01 15:04:43","modified":"2026-04-03 12:28:17","modified_utc":"2026-04-03 12:28:17","url":"https:\/\/burkhard-puetz.de\/?tribe_events=5-sonntag-der-osterzeit-hochamt","rest_url":"https:\/\/burkhard-puetz.de\/index.php?rest_route=\/tribe\/events\/v1\/events\/3496","title":"5. Sonntag der Osterzeit | Hochamt","description":"<p><strong>Musikalische Highlights in St. Amandus, Konz-K\u00f6nen<\/strong><\/p>\n<p>Das Hochamt am 5. Sonntag der Osterzeit (Sonntag <em>Cantate<\/em>) am 3. Mai 2025 um 9:30 Uhr in der Kirche St. Amandus, Konz-K\u00f6nen, erh\u00e4lt eine besonders festliche musikalische Gestaltung.<\/p>\n<p>Die Sopranistin Antonia Lutz und der Organist <a href=\"https:\/\/burkhard-puetz.de\/?page_id=33\" target=\"_blank\" rel=\"noopener\">Burkhard P\u00fctz<\/a> bringen die \u201eMesse in D\u201c des zeitgen\u00f6ssischen Komponisten <em>Lambert Kleesattel<\/em> (*1959) zur Auff\u00fchrung \u2013 ein Werk, das klanglich im romantischen Stil verwurzelt ist und vor drei Jahren entstand.<\/p>\n<p>Dar\u00fcber hinaus erklingen:<br \/>\n\u2022 \u201eRegina coeli\u201c op. 171 Nr. 5 von <em>Josef Gabriel Rheinberger<\/em> (1839\u20131901)<br \/>\n\u2022 \u201eAve verum corpus\u201c von <em>Samuel Rousseau<\/em> (1853\u20131904)<br \/>\n\u2022 das strahlende \u201eAlleluia\u201c aus \u201eExsultate, jubilate\u201c KV 165 von <em>Wolfgang Amadeus Mozart<\/em> (1756\u20131791)<\/p>\n<p><a href=\"https:\/\/aeolus-music.com\/de\/pages\/page-antonia-lutz\" target=\"_blank\" rel=\"noopener\">Antonia Lutz<\/a> studierte Musikerziehung und Sologesang an der Hochschule f\u00fcr Musik Saar in Saarbr\u00fccken. Sie war Stipendiatin der Gertrud-Bienko-Stiftung und des Richard-Wagner-Verbandes. Als freiberufliche Gesangssolistin tritt sie mit eigenen Soloprogrammen sowie im Rahmen kirchenmusikalischer Konzerte auf und gastiert regelm\u00e4\u00dfig am Theater. Dar\u00fcber hinaus ist sie als Gesangsp\u00e4dagogin und Stimmbildnerin t\u00e4tig.<\/p>","excerpt":"<p>Lambert Kleesattel: Messe in D f\u00fcr Sologesang und Orgel<br \/>\nJosef Gabriel Rheinberger: Regina coeli op. 171 Nr. 5<br \/>\nSamuel Rousseau: Ave verum corpus<br \/>\nWolfgang Amadeus Mozart: Alleluia KV 165<\/p>\n<p>Ausf\u00fchrende:<br \/>\nAntonia Lutz, Sopran<br \/>\nBurkhard P\u00fctz, Orgel<\/p>","slug":"5-sonntag-der-osterzeit-hochamt","image":{"url":"https:\/\/burkhard-puetz.de\/wp-content\/uploads\/2024\/07\/Antonia-Lutz-klein-1.jpg","id":179,"extension":"jpg","width":375,"height":375,"filesize":73748,"sizes":{"medium":{"width":300,"height":300,"mime-type":"image\/jpeg","filesize":17538,"url":"https:\/\/burkhard-puetz.de\/wp-content\/uploads\/2024\/07\/Antonia-Lutz-klein-1-300x300.jpg"},"thumbnail":{"width":150,"height":150,"mime-type":"image\/jpeg","filesize":6283,"url":"https:\/\/burkhard-puetz.de\/wp-content\/uploads\/2024\/07\/Antonia-Lutz-klein-1-150x150.jpg"}}},"all_day":false,"start_date":"2026-05-03 09:30:00","start_date_details":{"year":"2026","month":"05","day":"03","hour":"09","minutes":"30","seconds":"00"},"end_date":"2026-05-03 09:30:00","end_date_details":{"year":"2026","month":"05","day":"03","hour":"09","minutes":"30","seconds":"00"},"utc_start_date":"2026-05-03 09:30:00","utc_start_date_details":{"year":"2026","month":"05","day":"03","hour":"09","minutes":"30","seconds":"00"},"utc_end_date":"2026-05-03 09:30:00","utc_end_date_details":{"year":"2026","month":"05","day":"03","hour":"09","minutes":"30","seconds":"00"},"timezone":"UTC+0","timezone_abbr":"UTC+0","cost":"","cost_details":{"currency_symbol":"\u20ac","currency_code":"EUR","currency_position":"prefix","values":[]},"website":"","show_map":true,"show_map_link":true,"hide_from_listings":false,"sticky":true,"featured":true,"categories":[],"tags":[],"venue":{"id":3499,"author":"1","status":"publish","date":"2026-04-01 15:01:20","date_utc":"2026-04-01 15:01:20","modified":"2026-04-01 15:01:20","modified_utc":"2026-04-01 15:01:20","url":"https:\/\/burkhard-puetz.de\/?tribe_venue=kirche-st-amandus","venue":"Kirche St. Amandus","slug":"kirche-st-amandus","address":"Bergstra\u00dfe","city":"Konz-K\u00f6nen","country":"Germany","province":"Rheinland-Pfalz","zip":"54329","phone":"06501-17746","website":"https:\/\/www.pr-saarburg.de\/pfarreien\/pfarrei-saar-mosel-st.-jakobus\/index.html","stateprovince":"Rheinland-Pfalz","json_ld":{"@type":"Place","name":"Kirche St. Amandus","description":"","url":"","address":{"@type":"PostalAddress","streetAddress":"Bergstra\u00dfe","addressLocality":"Konz-K\u00f6nen","addressRegion":"Rheinland-Pfalz","postalCode":"54329","addressCountry":"Germany"},"telephone":"06501-17746","sameAs":"https:\/\/www.pr-saarburg.de\/pfarreien\/pfarrei-saar-mosel-st.-jakobus\/index.html"},"show_map":true,"show_map_link":true,"global_id":"burkhard-puetz.de?id=3499","global_id_lineage":["burkhard-puetz.de?id=3499"]},"organizer":[{"id":3502,"author":"1","status":"publish","date":"2026-04-01 15:03:06","date_utc":"2026-04-01 15:03:06","modified":"2026-04-01 15:03:06","modified_utc":"2026-04-01 15:03:06","url":"https:\/\/burkhard-puetz.de\/?tribe_organizer=pfarrei-saar-mosel-st-jakobus","organizer":"Pfarrei Saar-Mosel St. Jakobus","slug":"pfarrei-saar-mosel-st-jakobus","phone":"06501-17746","website":"https:\/\/www.pr-saarburg.de\/pfarreien\/pfarrei-saar-mosel-st.-jakobus\/index.html","email":"saarmosel.jakobus@bistum-trier.de","json_ld":{"@type":"Person","name":"Pfarrei Saar-Mosel St. Jakobus","description":"","url":"https:\/\/www.pr-saarburg.de\/pfarreien\/pfarrei-saar-mosel-st.-jakobus\/index.html","telephone":"06501-17746","email":"&#115;&#97;&#97;rmos&#101;l.&#106;ak&#111;b&#117;&#115;&#64;b&#105;s&#116;u&#109;&#45;&#116;&#114;i&#101;&#114;&#46;d&#101;","sameAs":"https:\/\/www.pr-saarburg.de\/pfarreien\/pfarrei-saar-mosel-st.-jakobus\/index.html"},"global_id":"burkhard-puetz.de?id=3502","global_id_lineage":["burkhard-puetz.de?id=3502"]}],"custom_fields":[],"json_ld":{"@context":"http:\/\/schema.org","@type":"Event","name":"5. Sonntag der Osterzeit | Hochamt","description":"&lt;p&gt;Lambert Kleesattel: Messe in D f\u00fcr Sologesang und Orgel&lt;br \/&gt;\\nJosef Gabriel Rheinberger: Regina coeli op. 171 Nr. 5&lt;br \/&gt;\\nSamuel Rousseau: Ave verum corpus&lt;br \/&gt;\\nWolfgang Amadeus Mozart: Alleluia KV 165&lt;\/p&gt;\\n&lt;p&gt;Ausf\u00fchrende:&lt;br \/&gt;\\nAntonia Lutz, Sopran&lt;br \/&gt;\\nBurkhard P\u00fctz, Orgel&lt;\/p&gt;\\n","image":"https:\/\/burkhard-puetz.de\/wp-content\/uploads\/2024\/07\/Antonia-Lutz-klein-1.jpg","url":"https:\/\/burkhard-puetz.de\/?tribe_events=5-sonntag-der-osterzeit-hochamt","eventAttendanceMode":"https:\/\/schema.org\/OfflineEventAttendanceMode","eventStatus":"https:\/\/schema.org\/EventScheduled","startDate":"2026-05-03T09:30:00+00:00","endDate":"2026-05-03T09:30:00+00:00","location":{"@type":"Place","name":"Kirche St. Amandus","description":"","url":"","address":{"@type":"PostalAddress","streetAddress":"Bergstra\u00dfe","addressLocality":"Konz-K\u00f6nen","addressRegion":"Rheinland-Pfalz","postalCode":"54329","addressCountry":"Germany"},"telephone":"06501-17746","sameAs":"https:\/\/www.pr-saarburg.de\/pfarreien\/pfarrei-saar-mosel-st.-jakobus\/index.html"},"organizer":{"@type":"Person","name":"Pfarrei Saar-Mosel St. Jakobus","description":"","url":"https:\/\/www.pr-saarburg.de\/pfarreien\/pfarrei-saar-mosel-st.-jakobus\/index.html","telephone":"06501-17746","email":"saarm&#111;&#115;el&#46;j&#97;&#107;o&#98;&#117;&#115;&#64;b&#105;&#115;&#116;um&#45;tr&#105;&#101;&#114;&#46;&#100;&#101;","sameAs":"https:\/\/www.pr-saarburg.de\/pfarreien\/pfarrei-saar-mosel-st.-jakobus\/index.html"},"performer":"Organization"}}